{"id":5176,"date":"2017-10-16T13:54:34","date_gmt":"2017-10-16T12:54:34","guid":{"rendered":"http:\/\/canaryo.net\/portal\/?p=5176"},"modified":"2017-10-16T14:11:32","modified_gmt":"2017-10-16T13:11:32","slug":"calima-bringt-hitzewelle-und-hochsommer-auf-die-kanaren","status":"publish","type":"post","link":"https:\/\/canaryo.net\/portal\/calima-bringt-hitzewelle-und-hochsommer-auf-die-kanaren\/","title":{"rendered":"Calima bringt Hitzewelle und Hochsommer auf die Kanaren!"},"content":{"rendered":"<p>Der seit letzten Mittwoch andauernde Calima bringt gesteigerte Temperaturen mit sich. Am letzten Wochenende wurden auf Fuerteventura 44 Grad Celsius gemessen. Auch andere Inseln meldeten Temperaturen \u00fcber 40 Grad Celsius.<br \/>\nF\u00fcr den Beginn dieser Woche sind Gewitter m\u00f6glich.<br \/>\nF\u00fcr Ausfl\u00fcge bitte immer ausreichend Wasserreserven mitnehmen!!<\/p>\n<p><img loading=\"lazy\" class=\"alignnone wp-image-5177\" src=\"http:\/\/canaryo.net\/portal\/wp-content\/uploads\/2017\/10\/Meloneras-250x141.jpg\" alt=\"Meloneras Gran Canaria\" width=\"452\" height=\"255\" srcset=\"https:\/\/canaryo.net\/portal\/wp-content\/uploads\/2017\/10\/Meloneras-250x141.jpg 250w, https:\/\/canaryo.net\/portal\/wp-content\/uploads\/2017\/10\/Meloneras-768x432.jpg 768w, https:\/\/canaryo.net\/portal\/wp-content\/uploads\/2017\/10\/Meloneras-700x394.jpg 700w, https:\/\/canaryo.net\/portal\/wp-content\/uploads\/2017\/10\/Meloneras-120x68.jpg 120w, https:\/\/canaryo.net\/portal\/wp-content\/uploads\/2017\/10\/Meloneras.jpg 800w\" sizes=\"(max-width: 452px) 100vw, 452px\" \/><\/p>\n","protected":false},"excerpt":{"rendered":"<p>Der seit letzten Mittwoch andauernde Calima bringt gesteigerte Temperaturen mit sich. Am letzten Wochenende wurden auf Fuerteventura 44 Grad Celsius gemessen. Auch andere Inseln meldeten Temperaturen \u00fcber 40 Grad Celsius. F\u00fcr den Beginn dieser Woche sind Gewitter m\u00f6glich. F\u00fcr Ausfl\u00fcge bitte immer ausreichend Wasserreserven mitnehmen!!<\/p>\n","protected":false},"author":1,"featured_media":5177,"comment_status":"open","ping_status":"open","sticky":false,"template":"","format":"gallery","meta":[],"categories":[446,442,440,444,445,443,6,441,458],"tags":[477,482,480,483,481,476],"_links":{"self":[{"href":"https:\/\/canaryo.net\/portal\/wp-json\/wp\/v2\/posts\/5176"}],"collection":[{"href":"https:\/\/canaryo.net\/portal\/wp-json\/wp\/v2\/posts"}],"about":[{"href":"https:\/\/canaryo.net\/portal\/wp-json\/wp\/v2\/types\/post"}],"author":[{"embeddable":true,"href":"https:\/\/canaryo.net\/portal\/wp-json\/wp\/v2\/users\/1"}],"replies":[{"embeddable":true,"href":"https:\/\/canaryo.net\/portal\/wp-json\/wp\/v2\/comments?post=5176"}],"version-history":[{"count":1,"href":"https:\/\/canaryo.net\/portal\/wp-json\/wp\/v2\/posts\/5176\/revisions"}],"predecessor-version":[{"id":5178,"href":"https:\/\/canaryo.net\/portal\/wp-json\/wp\/v2\/posts\/5176\/revisions\/5178"}],"wp:featuredmedia":[{"embeddable":true,"href":"https:\/\/canaryo.net\/portal\/wp-json\/wp\/v2\/media\/5177"}],"wp:attachment":[{"href":"https:\/\/canaryo.net\/portal\/wp-json\/wp\/v2\/media?parent=5176"}],"wp:term":[{"taxonomy":"category","embeddable":true,"href":"https:\/\/canaryo.net\/portal\/wp-json\/wp\/v2\/categories?post=5176"},{"taxonomy":"post_tag","embeddable":true,"href":"https:\/\/canaryo.net\/portal\/wp-json\/wp\/v2\/tags?post=5176"}],"curies":[{"name":"wp","href":"https:\/\/api.w.org\/{rel}","templated":true}]}}