{"id":5308,"date":"2017-11-02T19:49:32","date_gmt":"2017-11-02T18:49:32","guid":{"rendered":"http:\/\/canaryo.net\/portal\/?p=5308"},"modified":"2017-11-02T19:49:32","modified_gmt":"2017-11-02T18:49:32","slug":"gedenktag-gefallenen-fur-die-heimat-durch-die-guardia-civil","status":"publish","type":"post","link":"https:\/\/canaryo.net\/portal\/gedenktag-gefallenen-fur-die-heimat-durch-die-guardia-civil\/","title":{"rendered":"Gedenktag &#8220;Gefallenen f\u00fcr die Heimat&#8221; durch die Guardia Civil"},"content":{"rendered":"<p>Wie an jedem 2.November gedachte auch dieses Jahr die Guardia Civil den im Dienst gestorbenen Angeh\u00f6rigen dieser Polizei-Beh\u00f6rde zum &#8220;D\u00eda de los Ca\u00eddos por la Patria&#8221;. Die spanische Flagge wurde daf\u00fcr ab Mitternacht auf Halbmast gehisst und im Innenhof wurde am Vormittag eine Zeremonie durch Kommandos der Guardia Civil in Santa Cruz abgehalten. Sie legten einen Lorbeerkranz vor Vertreter der Guardia Civil nieder. Nachdem Jos\u00e9 Maria Tienda Serrano an den Mut aller Companeros erinnerte wurde danach ein Sonett, zu Ehren der Gefallenen, verlesen.<br \/>\n<img loading=\"lazy\" width=\"250\" height=\"165\" class=\"alignnone size-medium wp-image-5309\" src=\"http:\/\/canaryo.net\/portal\/wp-content\/uploads\/2017\/11\/GedenktagGefalleneHelden2017-250x165.jpg\" alt=\"Gedenktag Gefallene Helden 2017\" srcset=\"https:\/\/canaryo.net\/portal\/wp-content\/uploads\/2017\/11\/GedenktagGefalleneHelden2017-250x165.jpg 250w, https:\/\/canaryo.net\/portal\/wp-content\/uploads\/2017\/11\/GedenktagGefalleneHelden2017-120x79.jpg 120w, https:\/\/canaryo.net\/portal\/wp-content\/uploads\/2017\/11\/GedenktagGefalleneHelden2017.jpg 600w\" sizes=\"(max-width: 250px) 100vw, 250px\" \/><br \/>\nBild: Guardia Civil<\/p>\n","protected":false},"excerpt":{"rendered":"<p>Wie an jedem 2.November gedachte auch dieses Jahr die Guardia Civil den im Dienst gestorbenen Angeh\u00f6rigen dieser Polizei-Beh\u00f6rde zum &#8220;D\u00eda de los Ca\u00eddos por la Patria&#8221;. Die spanische Flagge wurde daf\u00fcr ab Mitternacht auf Halbmast gehisst und im Innenhof wurde am Vormittag eine Zeremonie durch Kommandos der Guardia Civil in Santa Cruz abgehalten. Sie legten [&hellip;]<\/p>\n","protected":false},"author":1,"featured_media":5309,"comment_status":"open","ping_status":"open","sticky":false,"template":"","format":"gallery","meta":[],"categories":[494,6,441],"tags":[621,623,620,619,622,9],"_links":{"self":[{"href":"https:\/\/canaryo.net\/portal\/wp-json\/wp\/v2\/posts\/5308"}],"collection":[{"href":"https:\/\/canaryo.net\/portal\/wp-json\/wp\/v2\/posts"}],"about":[{"href":"https:\/\/canaryo.net\/portal\/wp-json\/wp\/v2\/types\/post"}],"author":[{"embeddable":true,"href":"https:\/\/canaryo.net\/portal\/wp-json\/wp\/v2\/users\/1"}],"replies":[{"embeddable":true,"href":"https:\/\/canaryo.net\/portal\/wp-json\/wp\/v2\/comments?post=5308"}],"version-history":[{"count":1,"href":"https:\/\/canaryo.net\/portal\/wp-json\/wp\/v2\/posts\/5308\/revisions"}],"predecessor-version":[{"id":5310,"href":"https:\/\/canaryo.net\/portal\/wp-json\/wp\/v2\/posts\/5308\/revisions\/5310"}],"wp:featuredmedia":[{"embeddable":true,"href":"https:\/\/canaryo.net\/portal\/wp-json\/wp\/v2\/media\/5309"}],"wp:attachment":[{"href":"https:\/\/canaryo.net\/portal\/wp-json\/wp\/v2\/media?parent=5308"}],"wp:term":[{"taxonomy":"category","embeddable":true,"href":"https:\/\/canaryo.net\/portal\/wp-json\/wp\/v2\/categories?post=5308"},{"taxonomy":"post_tag","embeddable":true,"href":"https:\/\/canaryo.net\/portal\/wp-json\/wp\/v2\/tags?post=5308"}],"curies":[{"name":"wp","href":"https:\/\/api.w.org\/{rel}","templated":true}]}}