{"id":5397,"date":"2017-11-25T15:03:16","date_gmt":"2017-11-25T14:03:16","guid":{"rendered":"http:\/\/canaryo.net\/portal\/?p=5397"},"modified":"2018-01-14T13:36:07","modified_gmt":"2018-01-14T12:36:07","slug":"acht-rettungswagen-in-telde-angezundet","status":"publish","type":"post","link":"https:\/\/canaryo.net\/portal\/acht-rettungswagen-in-telde-angezundet\/","title":{"rendered":"Acht Rettungswagen in Telde angez\u00fcndet!"},"content":{"rendered":"<p><img loading=\"lazy\" class=\"wp-image-5398 alignleft\" src=\"http:\/\/canaryo.net\/portal\/wp-content\/uploads\/2017\/11\/23916467_1923316521320333_3867824016014682554_o-250x188.jpg\" alt=\"Rettungswagen Telde angez\u00fcndet\" width=\"628\" height=\"472\" srcset=\"https:\/\/canaryo.net\/portal\/wp-content\/uploads\/2017\/11\/23916467_1923316521320333_3867824016014682554_o-250x188.jpg 250w, https:\/\/canaryo.net\/portal\/wp-content\/uploads\/2017\/11\/23916467_1923316521320333_3867824016014682554_o-768x576.jpg 768w, https:\/\/canaryo.net\/portal\/wp-content\/uploads\/2017\/11\/23916467_1923316521320333_3867824016014682554_o-700x525.jpg 700w, https:\/\/canaryo.net\/portal\/wp-content\/uploads\/2017\/11\/23916467_1923316521320333_3867824016014682554_o-120x90.jpg 120w, https:\/\/canaryo.net\/portal\/wp-content\/uploads\/2017\/11\/23916467_1923316521320333_3867824016014682554_o.jpg 1440w\" sizes=\"(max-width: 628px) 100vw, 628px\" \/><\/p>\n<p>In der Nacht zum 25.11.2017 haben unbekannte T\u00e4ter 8 (!!) Rettungsfahrzeuge des Kanarischen Notdienstes angez\u00fcndet.<br \/>\nEin \u00dcbergreifen der Flammen auf andere Fahrzeuge konnte verhindert werden. Beim eintreffen der Feuerwehr brannten bereits alle Krankenwagen und keiner war mehr zu retten.<br \/>\nDie Rettungswagen waren am Busbahnhof abgestellt. Die Kriminalpolizei ermittelt.<\/p>\n<p>Bild: Radio Primavera GC<br \/>\nVideos zum Brand:<br \/>\n1)\u00a0<a href=\"https:\/\/www.youtube.com\/watch?v=cU-LQT7peqs\" target=\"_blank\" rel=\"noopener nofollow\" data-ft=\"{&quot;tn&quot;:&quot;-U&quot;}\" data-lynx-mode=\"async\" data-lynx-uri=\"https:\/\/l.facebook.com\/l.php?u=https%3A%2F%2Fwww.youtube.com%2Fwatch%3Fv%3DcU-LQT7peqs&amp;h=ATP02zWMKqNgrhPQHoIoXAxIZYt2bEPSGA60FMKz0Ico-y8QEaSVOOy46S8yHn6JVypxFlYCD1n3WdPGKAebkACRUiXPcB8fOfMj2d5KopNAS7XtWTOYaUvz2877wa5ZXha41rTugl8FsG58JYxcmUdj-5KcUxQBoovJDtcc2AMnmdiWjszWoQa8qokguM5qWoRu2tux38_ObagGlXxpv6kV2-wCek68ooMeoyn53lutmfVWOXbpI1UmJHzVj7FL9sao7-LsF71D-DppzpzrZOzsG5CNM5WNQyawVkJRcPFWqRQ\">https:\/\/www.youtube.com\/watch?v=cU-LQT7peqs<\/a><br \/>\n2)\u00a0<a href=\"https:\/\/www.youtube.com\/watch?v=OGrIZ453HlQ\" target=\"_blank\" rel=\"noopener nofollow\" data-ft=\"{&quot;tn&quot;:&quot;-U&quot;}\" data-lynx-mode=\"async\" data-lynx-uri=\"https:\/\/l.facebook.com\/l.php?u=https%3A%2F%2Fwww.youtube.com%2Fwatch%3Fv%3DOGrIZ453HlQ&amp;h=ATPREz19HMKiTlvFYqsIT33KvxnOtc3B-18ebEBB8S7cW6iILoW4fEVYaSKGCV3z3H4oy-zk9IuS2kp7prePtabUtlaOpwmUud23ih4mUJ_8QziyOXGKX_fsY91tcqneq7y0nruE_KHQ26LJfASkXR3eBGRy17IImTBn4MII0cMVkXvnTF_5iE_P_OKufA1lCagysHT23KYg50CnZE7RuLyHRkXC_C12juK5pre5r_IRUkMRRKFcU3oIZ7aISGiepngrrEypqGCirDtj-46q74x73-PvqgXEN5ZpxYcRs0m8Ag8\">https:\/\/www.youtube.com\/watch?v=OGrIZ453HlQ<\/a><\/p>\n","protected":false},"excerpt":{"rendered":"<p>In der Nacht zum 25.11.2017 haben unbekannte T\u00e4ter 8 (!!) Rettungsfahrzeuge des Kanarischen Notdienstes angez\u00fcndet. Ein \u00dcbergreifen der Flammen auf andere Fahrzeuge konnte verhindert werden. Beim eintreffen der Feuerwehr brannten bereits alle Krankenwagen und keiner war mehr zu retten. Die Rettungswagen waren am Busbahnhof abgestellt. Die Kriminalpolizei ermittelt. Bild: Radio Primavera GC Videos zum Brand: [&hellip;]<\/p>\n","protected":false},"author":1,"featured_media":5398,"comment_status":"open","ping_status":"open","sticky":false,"template":"","format":"gallery","meta":[],"categories":[440,494,6],"tags":[697,8,696,647],"_links":{"self":[{"href":"https:\/\/canaryo.net\/portal\/wp-json\/wp\/v2\/posts\/5397"}],"collection":[{"href":"https:\/\/canaryo.net\/portal\/wp-json\/wp\/v2\/posts"}],"about":[{"href":"https:\/\/canaryo.net\/portal\/wp-json\/wp\/v2\/types\/post"}],"author":[{"embeddable":true,"href":"https:\/\/canaryo.net\/portal\/wp-json\/wp\/v2\/users\/1"}],"replies":[{"embeddable":true,"href":"https:\/\/canaryo.net\/portal\/wp-json\/wp\/v2\/comments?post=5397"}],"version-history":[{"count":1,"href":"https:\/\/canaryo.net\/portal\/wp-json\/wp\/v2\/posts\/5397\/revisions"}],"predecessor-version":[{"id":5399,"href":"https:\/\/canaryo.net\/portal\/wp-json\/wp\/v2\/posts\/5397\/revisions\/5399"}],"wp:featuredmedia":[{"embeddable":true,"href":"https:\/\/canaryo.net\/portal\/wp-json\/wp\/v2\/media\/5398"}],"wp:attachment":[{"href":"https:\/\/canaryo.net\/portal\/wp-json\/wp\/v2\/media?parent=5397"}],"wp:term":[{"taxonomy":"category","embeddable":true,"href":"https:\/\/canaryo.net\/portal\/wp-json\/wp\/v2\/categories?post=5397"},{"taxonomy":"post_tag","embeddable":true,"href":"https:\/\/canaryo.net\/portal\/wp-json\/wp\/v2\/tags?post=5397"}],"curies":[{"name":"wp","href":"https:\/\/api.w.org\/{rel}","templated":true}]}}