{"id":7967,"date":"2018-04-01T21:49:06","date_gmt":"2018-04-01T20:49:06","guid":{"rendered":"http:\/\/canaryo.net\/portal\/?p=7967"},"modified":"2018-04-01T21:49:06","modified_gmt":"2018-04-01T20:49:06","slug":"reiter-und-pferd-bei-unfall-auf-strase-in-finca-espana-verstorben","status":"publish","type":"post","link":"https:\/\/canaryo.net\/portal\/reiter-und-pferd-bei-unfall-auf-strase-in-finca-espana-verstorben\/","title":{"rendered":"Reiter und Pferd bei Unfall auf Stra\u00dfe in Finca Espana verstorben"},"content":{"rendered":"<p>Teneriffa; 01.04.2018 &#8211; &#8211; In Finca Espana &#8211; Gemeinde La Laguna &#8211; st\u00fcrzte gegen 22 Uhr ein Pferd auf der Stra\u00dfe und warf dabei den 38 Jahre alten Reiter ab. Der Mann kam mit schweren Verletzungen ins Krankenhaus, ist dort aber seinen Verletzungen erlegen und verstorben. Das Pferd verstarb noch am Unfallort. Die genau Ursache f\u00fcr diesen Unfall ist noch unklar. Eine Beteiligung Dritter ist offenbar nicht vorhanden gewesen, so dass ein sich pl\u00f6tzlich ge\u00e4nderter Gesundheitszustand des Tieres eventuell f\u00fcr dieses Ungl\u00fcck verantwortlich ist.<\/p>\n<p>Bildquelle: Policia Local La Laguna<\/p>\n","protected":false},"excerpt":{"rendered":"<p>Teneriffa; 01.04.2018 &#8211; &#8211; In Finca Espana &#8211; Gemeinde La Laguna &#8211; st\u00fcrzte gegen 22 Uhr ein Pferd auf der Stra\u00dfe und warf dabei den 38 Jahre alten Reiter ab. Der Mann kam mit schweren Verletzungen ins Krankenhaus, ist dort aber seinen Verletzungen erlegen und verstorben. Das Pferd verstarb noch am Unfallort. Die genau Ursache [&hellip;]<\/p>\n","protected":false},"author":1,"featured_media":7969,"comment_status":"open","ping_status":"open","sticky":false,"template":"","format":"gallery","meta":[],"categories":[6,441,461],"tags":[2170,476,2168,2169,9,612,818,516,1563],"_links":{"self":[{"href":"https:\/\/canaryo.net\/portal\/wp-json\/wp\/v2\/posts\/7967"}],"collection":[{"href":"https:\/\/canaryo.net\/portal\/wp-json\/wp\/v2\/posts"}],"about":[{"href":"https:\/\/canaryo.net\/portal\/wp-json\/wp\/v2\/types\/post"}],"author":[{"embeddable":true,"href":"https:\/\/canaryo.net\/portal\/wp-json\/wp\/v2\/users\/1"}],"replies":[{"embeddable":true,"href":"https:\/\/canaryo.net\/portal\/wp-json\/wp\/v2\/comments?post=7967"}],"version-history":[{"count":1,"href":"https:\/\/canaryo.net\/portal\/wp-json\/wp\/v2\/posts\/7967\/revisions"}],"predecessor-version":[{"id":7970,"href":"https:\/\/canaryo.net\/portal\/wp-json\/wp\/v2\/posts\/7967\/revisions\/7970"}],"wp:featuredmedia":[{"embeddable":true,"href":"https:\/\/canaryo.net\/portal\/wp-json\/wp\/v2\/media\/7969"}],"wp:attachment":[{"href":"https:\/\/canaryo.net\/portal\/wp-json\/wp\/v2\/media?parent=7967"}],"wp:term":[{"taxonomy":"category","embeddable":true,"href":"https:\/\/canaryo.net\/portal\/wp-json\/wp\/v2\/categories?post=7967"},{"taxonomy":"post_tag","embeddable":true,"href":"https:\/\/canaryo.net\/portal\/wp-json\/wp\/v2\/tags?post=7967"}],"curies":[{"name":"wp","href":"https:\/\/api.w.org\/{rel}","templated":true}]}}