{"id":8185,"date":"2018-04-08T12:23:13","date_gmt":"2018-04-08T11:23:13","guid":{"rendered":"http:\/\/canaryo.net\/portal\/?p=8185"},"modified":"2018-04-08T12:23:13","modified_gmt":"2018-04-08T11:23:13","slug":"schwangerschaften-bei-minderjahrigen-um-10-auf-den-kanaren-gestiegen","status":"publish","type":"post","link":"https:\/\/canaryo.net\/portal\/schwangerschaften-bei-minderjahrigen-um-10-auf-den-kanaren-gestiegen\/","title":{"rendered":"Schwangerschaften bei Minderj\u00e4hrigen um 10% auf den Kanaren gestiegen"},"content":{"rendered":"<p>Kanaren; 08.04.2018 &#8211; &#8211; Experten, Professoren und \u00c4rzte auf den Kanaren sind besorgt, denn immer mehr M\u00e4dchen unter 18 werden auf dem Archipel schwanger. Nach dem in den letzten Jahren die Zahl von Kinderschwangerschaften gesunken war, ist sie in 2017 wieder um 10% angestiegen. Diese Zahl ist ein Indikator daf\u00fcr dass die Verh\u00fctung bei Minderj\u00e4hrigen vernachl\u00e4ssigt wird und die Aufkl\u00e4rung dar\u00fcber versagt haben muss.<\/p>\n<p>Bildquelle:\u00a0canariasenred com<\/p>\n<p>&nbsp;<\/p>\n","protected":false},"excerpt":{"rendered":"<p>Kanaren; 08.04.2018 &#8211; &#8211; Experten, Professoren und \u00c4rzte auf den Kanaren sind besorgt, denn immer mehr M\u00e4dchen unter 18 werden auf dem Archipel schwanger. Nach dem in den letzten Jahren die Zahl von Kinderschwangerschaften gesunken war, ist sie in 2017 wieder um 10% angestiegen. Diese Zahl ist ein Indikator daf\u00fcr dass die Verh\u00fctung bei Minderj\u00e4hrigen [&hellip;]<\/p>\n","protected":false},"author":1,"featured_media":8187,"comment_status":"open","ping_status":"open","sticky":false,"template":"","format":"gallery","meta":[],"categories":[446,442,1658,861,440,444,445,443,6,441],"tags":[2346,476,559,2347,2344,2342,2343,2345,1422],"_links":{"self":[{"href":"https:\/\/canaryo.net\/portal\/wp-json\/wp\/v2\/posts\/8185"}],"collection":[{"href":"https:\/\/canaryo.net\/portal\/wp-json\/wp\/v2\/posts"}],"about":[{"href":"https:\/\/canaryo.net\/portal\/wp-json\/wp\/v2\/types\/post"}],"author":[{"embeddable":true,"href":"https:\/\/canaryo.net\/portal\/wp-json\/wp\/v2\/users\/1"}],"replies":[{"embeddable":true,"href":"https:\/\/canaryo.net\/portal\/wp-json\/wp\/v2\/comments?post=8185"}],"version-history":[{"count":1,"href":"https:\/\/canaryo.net\/portal\/wp-json\/wp\/v2\/posts\/8185\/revisions"}],"predecessor-version":[{"id":8188,"href":"https:\/\/canaryo.net\/portal\/wp-json\/wp\/v2\/posts\/8185\/revisions\/8188"}],"wp:featuredmedia":[{"embeddable":true,"href":"https:\/\/canaryo.net\/portal\/wp-json\/wp\/v2\/media\/8187"}],"wp:attachment":[{"href":"https:\/\/canaryo.net\/portal\/wp-json\/wp\/v2\/media?parent=8185"}],"wp:term":[{"taxonomy":"category","embeddable":true,"href":"https:\/\/canaryo.net\/portal\/wp-json\/wp\/v2\/categories?post=8185"},{"taxonomy":"post_tag","embeddable":true,"href":"https:\/\/canaryo.net\/portal\/wp-json\/wp\/v2\/tags?post=8185"}],"curies":[{"name":"wp","href":"https:\/\/api.w.org\/{rel}","templated":true}]}}