{"id":8478,"date":"2018-04-20T12:58:03","date_gmt":"2018-04-20T11:58:03","guid":{"rendered":"http:\/\/canaryo.net\/portal\/?p=8478"},"modified":"2018-04-20T12:58:03","modified_gmt":"2018-04-20T11:58:03","slug":"neuer-stationarer-blitzer-in-las-palmas-installiert","status":"publish","type":"post","link":"https:\/\/canaryo.net\/portal\/neuer-stationarer-blitzer-in-las-palmas-installiert\/","title":{"rendered":"Neuer station\u00e4rer Blitzer in Las Palmas installiert"},"content":{"rendered":"<p>Gran Canaria; 20.04.2018 &#8211; &#8211; Ein neuer &#8220;Blitzer&#8221;\u00a0wurde auf der parallel zur GC-1 verlaufenden &#8220;Avenida Mayor Jos\u00e9 Ramirez Bethencourt&#8221; installiert. Die Geschwindigkeitsbegrenzung auf dieser Stra\u00dfe betr\u00e4gt 50 km\/h. Auf dieser Strecke befinden sich bereits mehrere Radarkontrollger\u00e4te um die Geschwindigkeiten der Fahrzeuge zu \u00fcberwachen.<\/p>\n<p>Bildquelle:\u00a0grancanariatv com<\/p>\n","protected":false},"excerpt":{"rendered":"<p>Gran Canaria; 20.04.2018 &#8211; &#8211; Ein neuer &#8220;Blitzer&#8221;\u00a0wurde auf der parallel zur GC-1 verlaufenden &#8220;Avenida Mayor Jos\u00e9 Ramirez Bethencourt&#8221; installiert. Die Geschwindigkeitsbegrenzung auf dieser Stra\u00dfe betr\u00e4gt 50 km\/h. Auf dieser Strecke befinden sich bereits mehrere Radarkontrollger\u00e4te um die Geschwindigkeiten der Fahrzeuge zu \u00fcberwachen. Bildquelle:\u00a0grancanariatv com<\/p>\n","protected":false},"author":1,"featured_media":8479,"comment_status":"open","ping_status":"open","sticky":false,"template":"","format":"gallery","meta":[],"categories":[448,440,6],"tags":[567,1033,8,1179,435,1157,1031,2546,608],"_links":{"self":[{"href":"https:\/\/canaryo.net\/portal\/wp-json\/wp\/v2\/posts\/8478"}],"collection":[{"href":"https:\/\/canaryo.net\/portal\/wp-json\/wp\/v2\/posts"}],"about":[{"href":"https:\/\/canaryo.net\/portal\/wp-json\/wp\/v2\/types\/post"}],"author":[{"embeddable":true,"href":"https:\/\/canaryo.net\/portal\/wp-json\/wp\/v2\/users\/1"}],"replies":[{"embeddable":true,"href":"https:\/\/canaryo.net\/portal\/wp-json\/wp\/v2\/comments?post=8478"}],"version-history":[{"count":1,"href":"https:\/\/canaryo.net\/portal\/wp-json\/wp\/v2\/posts\/8478\/revisions"}],"predecessor-version":[{"id":8480,"href":"https:\/\/canaryo.net\/portal\/wp-json\/wp\/v2\/posts\/8478\/revisions\/8480"}],"wp:featuredmedia":[{"embeddable":true,"href":"https:\/\/canaryo.net\/portal\/wp-json\/wp\/v2\/media\/8479"}],"wp:attachment":[{"href":"https:\/\/canaryo.net\/portal\/wp-json\/wp\/v2\/media?parent=8478"}],"wp:term":[{"taxonomy":"category","embeddable":true,"href":"https:\/\/canaryo.net\/portal\/wp-json\/wp\/v2\/categories?post=8478"},{"taxonomy":"post_tag","embeddable":true,"href":"https:\/\/canaryo.net\/portal\/wp-json\/wp\/v2\/tags?post=8478"}],"curies":[{"name":"wp","href":"https:\/\/api.w.org\/{rel}","templated":true}]}}