{"id":8632,"date":"2018-04-25T00:30:43","date_gmt":"2018-04-24T23:30:43","guid":{"rendered":"http:\/\/canaryo.net\/portal\/?p=8632"},"modified":"2018-04-25T00:30:43","modified_gmt":"2018-04-24T23:30:43","slug":"streik-vueling-piloten-wollen-am-25-26-april-streiken","status":"publish","type":"post","link":"https:\/\/canaryo.net\/portal\/streik-vueling-piloten-wollen-am-25-26-april-streiken\/","title":{"rendered":"STREIK! Vueling-Piloten wollen am 25. &#038; 26. April streiken"},"content":{"rendered":"<p>Spanien\/Kanaren; 25.04.2018 &#8211; &#8211; Piloten der Fluggesellschaft Vueling wollen heute am 25. und 26.04. streiken. Rund 81% der internationalen und nationalen Vueling-Fl\u00fcge sind betroffen. F\u00fcr den 03. und 04.05. sind ebenfalls Streiks angek\u00fcndigt. Die Piloten fordern den Erhalt von allgemein g\u00fcltigen Mindestleistungen f\u00fcr ihren Beruf.<\/p>\n","protected":false},"excerpt":{"rendered":"<p>Spanien\/Kanaren; 25.04.2018 &#8211; &#8211; Piloten der Fluggesellschaft Vueling wollen heute am 25. und 26.04. streiken. Rund 81% der internationalen und nationalen Vueling-Fl\u00fcge sind betroffen. F\u00fcr den 03. und 04.05. sind ebenfalls Streiks angek\u00fcndigt. Die Piloten fordern den Erhalt von allgemein g\u00fcltigen Mindestleistungen f\u00fcr ihren Beruf.<\/p>\n","protected":false},"author":1,"featured_media":6150,"comment_status":"open","ping_status":"open","sticky":false,"template":"","format":"gallery","meta":[],"categories":[439,446,442,440,444,445,443,449,6,441],"tags":[1267,586,2693,2694,2691,2692,1881,695],"_links":{"self":[{"href":"https:\/\/canaryo.net\/portal\/wp-json\/wp\/v2\/posts\/8632"}],"collection":[{"href":"https:\/\/canaryo.net\/portal\/wp-json\/wp\/v2\/posts"}],"about":[{"href":"https:\/\/canaryo.net\/portal\/wp-json\/wp\/v2\/types\/post"}],"author":[{"embeddable":true,"href":"https:\/\/canaryo.net\/portal\/wp-json\/wp\/v2\/users\/1"}],"replies":[{"embeddable":true,"href":"https:\/\/canaryo.net\/portal\/wp-json\/wp\/v2\/comments?post=8632"}],"version-history":[{"count":1,"href":"https:\/\/canaryo.net\/portal\/wp-json\/wp\/v2\/posts\/8632\/revisions"}],"predecessor-version":[{"id":8633,"href":"https:\/\/canaryo.net\/portal\/wp-json\/wp\/v2\/posts\/8632\/revisions\/8633"}],"wp:featuredmedia":[{"embeddable":true,"href":"https:\/\/canaryo.net\/portal\/wp-json\/wp\/v2\/media\/6150"}],"wp:attachment":[{"href":"https:\/\/canaryo.net\/portal\/wp-json\/wp\/v2\/media?parent=8632"}],"wp:term":[{"taxonomy":"category","embeddable":true,"href":"https:\/\/canaryo.net\/portal\/wp-json\/wp\/v2\/categories?post=8632"},{"taxonomy":"post_tag","embeddable":true,"href":"https:\/\/canaryo.net\/portal\/wp-json\/wp\/v2\/tags?post=8632"}],"curies":[{"name":"wp","href":"https:\/\/api.w.org\/{rel}","templated":true}]}}