{"id":8867,"date":"2018-05-03T16:18:15","date_gmt":"2018-05-03T15:18:15","guid":{"rendered":"http:\/\/canaryo.net\/portal\/?p=8867"},"modified":"2018-05-03T16:18:15","modified_gmt":"2018-05-03T15:18:15","slug":"zwei-iren-brechen-in-wohnung-in-playa-del-ingles-ein-und-schlafen-dort-ein","status":"publish","type":"post","link":"https:\/\/canaryo.net\/portal\/zwei-iren-brechen-in-wohnung-in-playa-del-ingles-ein-und-schlafen-dort-ein\/","title":{"rendered":"Zwei Iren brechen in Wohnung in Playa del Ingles ein und schlafen dort ein"},"content":{"rendered":"<p>Gran Canaria; 03.05.2018 &#8211; &#8211; Zwei irische M\u00e4nner wurden in Playa del Ingles von der Polizei festgenommen. Die beiden 26 Jahren alten M\u00e4nner sind gewaltsam in eine Wohnung eingedrungen und dann dort eingeschlafen. Die zwei Bewohnerinnen fanden die beiden M\u00e4nner schlafen im Sessel und im Bett vor und riefen die Polizei. Die beiden M\u00e4nner hatten von den Frauen 280,- Euro in bar sowie Sonnenbrillen im Wert von 40,- Euro gestohlen und in ihren Taschen.<br \/>\nWarum die beiden Einbrecher noch ein Schl\u00e4fchen in der Opferwohnung machten, wurde leider nicht bekannt.<\/p>\n<p><strong><br \/>\n<\/strong><\/p>\n","protected":false},"excerpt":{"rendered":"<p>Gran Canaria; 03.05.2018 &#8211; &#8211; Zwei irische M\u00e4nner wurden in Playa del Ingles von der Polizei festgenommen. Die beiden 26 Jahren alten M\u00e4nner sind gewaltsam in eine Wohnung eingedrungen und dann dort eingeschlafen. Die zwei Bewohnerinnen fanden die beiden M\u00e4nner schlafen im Sessel und im Bett vor und riefen die Polizei. Die beiden M\u00e4nner hatten [&hellip;]<\/p>\n","protected":false},"author":1,"featured_media":6262,"comment_status":"open","ping_status":"open","sticky":false,"template":"","format":"gallery","meta":[],"categories":[440,494,6],"tags":[790,2837,631,959,2836,794],"_links":{"self":[{"href":"https:\/\/canaryo.net\/portal\/wp-json\/wp\/v2\/posts\/8867"}],"collection":[{"href":"https:\/\/canaryo.net\/portal\/wp-json\/wp\/v2\/posts"}],"about":[{"href":"https:\/\/canaryo.net\/portal\/wp-json\/wp\/v2\/types\/post"}],"author":[{"embeddable":true,"href":"https:\/\/canaryo.net\/portal\/wp-json\/wp\/v2\/users\/1"}],"replies":[{"embeddable":true,"href":"https:\/\/canaryo.net\/portal\/wp-json\/wp\/v2\/comments?post=8867"}],"version-history":[{"count":1,"href":"https:\/\/canaryo.net\/portal\/wp-json\/wp\/v2\/posts\/8867\/revisions"}],"predecessor-version":[{"id":8870,"href":"https:\/\/canaryo.net\/portal\/wp-json\/wp\/v2\/posts\/8867\/revisions\/8870"}],"wp:featuredmedia":[{"embeddable":true,"href":"https:\/\/canaryo.net\/portal\/wp-json\/wp\/v2\/media\/6262"}],"wp:attachment":[{"href":"https:\/\/canaryo.net\/portal\/wp-json\/wp\/v2\/media?parent=8867"}],"wp:term":[{"taxonomy":"category","embeddable":true,"href":"https:\/\/canaryo.net\/portal\/wp-json\/wp\/v2\/categories?post=8867"},{"taxonomy":"post_tag","embeddable":true,"href":"https:\/\/canaryo.net\/portal\/wp-json\/wp\/v2\/tags?post=8867"}],"curies":[{"name":"wp","href":"https:\/\/api.w.org\/{rel}","templated":true}]}}