{"id":9418,"date":"2018-06-05T13:45:04","date_gmt":"2018-06-05T12:45:04","guid":{"rendered":"http:\/\/canaryo.net\/portal\/?p=9418"},"modified":"2018-06-05T13:45:04","modified_gmt":"2018-06-05T12:45:04","slug":"santa-cruz-stellt-wohnungen-fur-obdachlose-bereit","status":"publish","type":"post","link":"https:\/\/canaryo.net\/portal\/santa-cruz-stellt-wohnungen-fur-obdachlose-bereit\/","title":{"rendered":"Santa Cruz stellt Wohnungen f\u00fcr Obdachlose bereit"},"content":{"rendered":"<p>Teneriffa; 05.06.2018 &#8211; &#8211; F\u00fcr Obdachlose hat die Stadt Sante Cruz de Tenerife zehn Wohnungen angemietet. Sie werden dann Menschen ohne Wohnung bereitgestellt. Zus\u00e4tzlich erhalten die Bed\u00fcrftigen Unterst\u00fctzung durch Sozialarbeiter um sie wieder ins normale Leben zur\u00fcck zu f\u00fchren. So wird ihnen auch bei der Arbeitssuche und dem Ausf\u00fcllen von Antr\u00e4gen geholfen. Als Gegenleistung m\u00fcssen sie dann 30% ihrer Eink\u00fcnfte f\u00fcr die Miete bezahlen. Man rechnet mit einer positiven Prognose und das diese Menschen mit einem staatlich unterst\u00fctzten &#8220;Neustart&#8221; weniger diskriminiert oder bedroht werden und wieder eine menschenw\u00fcrdige Zukunft haben.<\/p>\n<p>Bild symbolisch.<br \/>\nBildquelle:\u00a0<span class=\"irc_ho\" dir=\"ltr\">lacatholicworker org<\/span><\/p>\n","protected":false},"excerpt":{"rendered":"<p>Teneriffa; 05.06.2018 &#8211; &#8211; F\u00fcr Obdachlose hat die Stadt Sante Cruz de Tenerife zehn Wohnungen angemietet. Sie werden dann Menschen ohne Wohnung bereitgestellt. Zus\u00e4tzlich erhalten die Bed\u00fcrftigen Unterst\u00fctzung durch Sozialarbeiter um sie wieder ins normale Leben zur\u00fcck zu f\u00fchren. So wird ihnen auch bei der Arbeitssuche und dem Ausf\u00fcllen von Antr\u00e4gen geholfen. Als Gegenleistung m\u00fcssen [&hellip;]<\/p>\n","protected":false},"author":1,"featured_media":9419,"comment_status":"open","ping_status":"open","sticky":false,"template":"","format":"gallery","meta":[],"categories":[1658,6,640,441],"tags":[1004,476,954,3124,9,1409],"_links":{"self":[{"href":"https:\/\/canaryo.net\/portal\/wp-json\/wp\/v2\/posts\/9418"}],"collection":[{"href":"https:\/\/canaryo.net\/portal\/wp-json\/wp\/v2\/posts"}],"about":[{"href":"https:\/\/canaryo.net\/portal\/wp-json\/wp\/v2\/types\/post"}],"author":[{"embeddable":true,"href":"https:\/\/canaryo.net\/portal\/wp-json\/wp\/v2\/users\/1"}],"replies":[{"embeddable":true,"href":"https:\/\/canaryo.net\/portal\/wp-json\/wp\/v2\/comments?post=9418"}],"version-history":[{"count":1,"href":"https:\/\/canaryo.net\/portal\/wp-json\/wp\/v2\/posts\/9418\/revisions"}],"predecessor-version":[{"id":9420,"href":"https:\/\/canaryo.net\/portal\/wp-json\/wp\/v2\/posts\/9418\/revisions\/9420"}],"wp:featuredmedia":[{"embeddable":true,"href":"https:\/\/canaryo.net\/portal\/wp-json\/wp\/v2\/media\/9419"}],"wp:attachment":[{"href":"https:\/\/canaryo.net\/portal\/wp-json\/wp\/v2\/media?parent=9418"}],"wp:term":[{"taxonomy":"category","embeddable":true,"href":"https:\/\/canaryo.net\/portal\/wp-json\/wp\/v2\/categories?post=9418"},{"taxonomy":"post_tag","embeddable":true,"href":"https:\/\/canaryo.net\/portal\/wp-json\/wp\/v2\/tags?post=9418"}],"curies":[{"name":"wp","href":"https:\/\/api.w.org\/{rel}","templated":true}]}}