{"id":9515,"date":"2018-06-08T12:47:06","date_gmt":"2018-06-08T11:47:06","guid":{"rendered":"http:\/\/canaryo.net\/portal\/?p=9515"},"modified":"2018-06-08T12:47:06","modified_gmt":"2018-06-08T11:47:06","slug":"eu-will-spanien-wegen-19-mulldeponien-auf-den-kanaren-verklagen","status":"publish","type":"post","link":"https:\/\/canaryo.net\/portal\/eu-will-spanien-wegen-19-mulldeponien-auf-den-kanaren-verklagen\/","title":{"rendered":"EU will Spanien wegen 19 M\u00fclldeponien auf den Kanaren verklagen"},"content":{"rendered":"<p>Kanaren\/Br\u00fcssel; 08.06.2018 &#8211; &#8211; Die Europ\u00e4ische Kommission (EK) hat heute bekannt gegeben, dass sie Spanien vor dem Gerichtshof der Europ\u00e4ischen Union (EuGH) verklagen wird, weil sie auf den Kanarischen Inseln, und in vier anderen Provinzen, keine Abfallbewirtschaftungspl\u00e4ne erstellt oder \u00fcberpr\u00fcft hat-<br \/>\nBr\u00fcssel erkl\u00e4rte, dass diese Pl\u00e4ne in vier autonomen Gemeinschaften &#8211; Arag\u00f3n, Baleares, Canarias und Madrid &#8211; sowie in der autonomen Stadt Ceuta nicht festgelegt oder \u00fcberarbeitet wurden.<br \/>\nSpanien sollte die in der Abfallrichtlinie vorgesehenen Bewirtschaftungspl\u00e4ne f\u00fcr sein gesamtes Hoheitsgebiet sp\u00e4testens am 12. Dezember 2010 aufgestellt und diese Initiativen mindestens alle sechs Jahre bewertet und \u00fcberpr\u00fcft haben.<br \/>\nDar\u00fcber hinaus sollten die spanischen Beh\u00f6rden Br\u00fcssel \u00fcber die Managementpl\u00e4ne einmal im Jahr informieren, und alle ihre Revisionen aufzeigen.\u00a0&#8220;Die Kommission hat Spanien wiederholt aufgefordert, seinen Verpflichtungen nachzukommen: zun\u00e4chst durch eine schriftliche Erkl\u00e4rung im November 2016 und dann durch eine mit Gr\u00fcnden versehene Stellungnahme im Juli 2017&#8221;, sagte die EU-Kommission heute.<br \/>\nDie Abfallbewirtschaftungspl\u00e4ne sind laut EG ein &#8220;Schl\u00fcsselinstrument&#8221;, wenn es darum geht, die negativen Auswirkungen auf Gesundheit und Umwelt, durch Erzeugung und Verwertung von Abf\u00e4llen.zu verringern.<br \/>\nAuf der anderen Seite hat die EU heute eine erste Mahnung wegen eines weiteren Versto\u00dfes gegen die Abfallrichtlinie an Spanien geschickt.<br \/>\nNach der EU-Exekutive hat das Land ein Mahnschreiben erhalten, begr\u00fcndet auf ein Urteil des Gerichtshofs der Europ\u00e4ischen Union im Jahr 2017, das erkl\u00e4rt, dass Spanien gegen das Abfallrecht versto\u00dfen habe, weil sie die erforderlichen Ma\u00dfnahmen in 61 Deponien nicht umgesetzt haben.<br \/>\n&#8220;Die spanischen Beh\u00f6rden h\u00e4tten gew\u00e4hrleisten m\u00fcssen, dass die Abfallbewirtschaftung ohne Gef\u00e4hrdung der Gesundheit oder Sch\u00e4digung der Umwelt durchgef\u00fchrt wird&#8221;, sagte die Europ\u00e4ische Kommission.<br \/>\nTrotz \u201eeiniger Fortschritte\u201c seit dem Urteil, sind die Arbeiten um \u201edas Schlie\u00dfen, abdichten und reparieren in 22 Deponien noch nicht abgeschlossen (19 auf den Kanarischen Inseln, eine in Andalusien und zwei in Murcia)\u201c, bem\u00e4ngelt die Komission.<br \/>\nDie EU hat hinzugef\u00fcgt, dass mehr als ein Jahr nach der Entscheidung des Gerichts &#8220;das Urteil von den nationalen Beh\u00f6rden noch nicht vollst\u00e4ndig umgesetzt wurde, was ein Risiko f\u00fcr die Gesundheit von Mensch und Umwelt darstellt&#8221;.<br \/>\nNach dem Schreiben hat Spanien eine Frist von zwei Monaten, um zu handeln.<\/p>\n<p>Bildquelle:\u00a0europarl.europa.eu<\/p>\n","protected":false},"excerpt":{"rendered":"<p>Kanaren\/Br\u00fcssel; 08.06.2018 &#8211; &#8211; Die Europ\u00e4ische Kommission (EK) hat heute bekannt gegeben, dass sie Spanien vor dem Gerichtshof der Europ\u00e4ischen Union (EuGH) verklagen wird, weil sie auf den Kanarischen Inseln, und in vier anderen Provinzen, keine Abfallbewirtschaftungspl\u00e4ne erstellt oder \u00fcberpr\u00fcft hat- Br\u00fcssel erkl\u00e4rte, dass diese Pl\u00e4ne in vier autonomen Gemeinschaften &#8211; Arag\u00f3n, Baleares, Canarias und [&hellip;]<\/p>\n","protected":false},"author":1,"featured_media":9516,"comment_status":"open","ping_status":"open","sticky":false,"template":"","format":"gallery","meta":[],"categories":[446,442,861,440,444,445,443,6,573,441],"tags":[1948,2101,476,1594,924,3179],"_links":{"self":[{"href":"https:\/\/canaryo.net\/portal\/wp-json\/wp\/v2\/posts\/9515"}],"collection":[{"href":"https:\/\/canaryo.net\/portal\/wp-json\/wp\/v2\/posts"}],"about":[{"href":"https:\/\/canaryo.net\/portal\/wp-json\/wp\/v2\/types\/post"}],"author":[{"embeddable":true,"href":"https:\/\/canaryo.net\/portal\/wp-json\/wp\/v2\/users\/1"}],"replies":[{"embeddable":true,"href":"https:\/\/canaryo.net\/portal\/wp-json\/wp\/v2\/comments?post=9515"}],"version-history":[{"count":1,"href":"https:\/\/canaryo.net\/portal\/wp-json\/wp\/v2\/posts\/9515\/revisions"}],"predecessor-version":[{"id":9517,"href":"https:\/\/canaryo.net\/portal\/wp-json\/wp\/v2\/posts\/9515\/revisions\/9517"}],"wp:featuredmedia":[{"embeddable":true,"href":"https:\/\/canaryo.net\/portal\/wp-json\/wp\/v2\/media\/9516"}],"wp:attachment":[{"href":"https:\/\/canaryo.net\/portal\/wp-json\/wp\/v2\/media?parent=9515"}],"wp:term":[{"taxonomy":"category","embeddable":true,"href":"https:\/\/canaryo.net\/portal\/wp-json\/wp\/v2\/categories?post=9515"},{"taxonomy":"post_tag","embeddable":true,"href":"https:\/\/canaryo.net\/portal\/wp-json\/wp\/v2\/tags?post=9515"}],"curies":[{"name":"wp","href":"https:\/\/api.w.org\/{rel}","templated":true}]}}